{"id":1604,"date":"2011-04-03T08:56:02","date_gmt":"2011-04-03T08:56:02","guid":{"rendered":"http:\/\/arhiv.svetovno.si\/?p=1604"},"modified":"2011-04-03T08:56:02","modified_gmt":"2011-04-03T08:56:02","slug":"veliki-skok-proti-jugu","status":"publish","type":"post","link":"https:\/\/www.svetovno.si\/?p=1604","title":{"rendered":"Veliki skok proti jugu"},"content":{"rendered":"<p>Preden sva pi\u010dila v Ju\u017eno Ameriko, sva samo pribli\u017eno vedela, kam vse greva oz. \u017eeliva it. Imela sva enosmerni letalski karti Frankfurt \u2013 Salvador de Bahia (Brazilija) ter Buenos Aires (Argentina) \u2013 Auckland (Nova Zelandija). Ju\u017ena Amerika\u2026 in and out. Vmes pa kakor pride. Vedela sva pa tudi, da definitivno ho\u010deva na jug kontinenta, <strong>Patagonijo<\/strong>. Ko sva bila pred tremi leti na dopustu v Argentini so naju totalno premamila pripovedovanja popotnikov o lepotah te ogromne, prostrane de\u017eele. A ker sva imela samo tri tedne cajta na razpolago, sva se uspela na najinem argentinskem touru prebiti samo do tako imenovanega <em>Lake Districta<\/em>, na severu Patagonije, ki pa je bolj kot ne spominjal na na\u0161e Alpe. Pa sva si takrat rekla\u2026 we&#8217;ll be bak!<\/p>\n<p>In eto naju nazaj z jasnim ciljem obiskat ta konec sveta, preden odletiva naprej na Novo Zelandijo. \u010cile je ena tistih dr\u017eav z uiber nenavadno geografsko obliko. Kakor da jih je od samega nastanka dr\u017eave (prej je bila to \u0161panska kolonija) zanimalo samo morje. In res so se v svoji zgodovini \u010cilenci ve\u010d ali manj zadr\u017eevali na zahodni strani Andov in pridno \u0161irili vzdol\u017e pacifi\u0161ke obale proti severu in jugu ter se vmes zapletali v vojne s sosedi (z Bolivijo in Perujem na severu in Argentino na jugu). \u010cile torej premore za ve\u010d kot 4000 km obale, kar zajetna razdalja, \u010de mora\u0161 z enega konca dr\u017eave na drugega. A najin velikanski skok na jug kontinenta se je razpletel precej elegantno in relativno poceni. Potreben je bil samo en no\u010dni avtobus iz San Pedra v Santiago (21 ur) in interni let s \u010dilensko dru\u017ebo <a href=\"http:\/\/www.skyairline.cl\/\">Sky Airline<\/a> iz Santiaga v Puerto Natales in voil\u00e0, 51 stopinj ju\u017eno od ekvatorja, na podivjanem vetru, na polno oble\u010dena\u2026<\/p>\n<p>Ampak po\u010dasi, vmes sva namre\u010d nekaj super dni pre\u017eivela \u0161e v Valparaisu\u2026 \ud83d\ude42<\/p>\n<p><iframe loading=\"lazy\" width=\"450\" height=\"500\" frameborder=\"0\" scrolling=\"no\" marginheight=\"0\" marginwidth=\"0\" src=\"http:\/\/maps.google.com\/maps\/ms?hl=sl&amp;vpsrc=6&amp;ctz=-780&amp;ie=UTF8&amp;msa=0&amp;msid=218249560461276031238.0004aeec72f79bf2f1c17&amp;t=m&amp;source=embed&amp;ll=-27.371767,-62.402344&amp;spn=73.731918,79.101563&amp;z=3&amp;output=embed\"><\/iframe><br \/><small>Oglejte si <a href=\"http:\/\/maps.google.com\/maps\/ms?hl=sl&amp;vpsrc=6&amp;ctz=-780&amp;ie=UTF8&amp;msa=0&amp;msid=218249560461276031238.0004aeec72f79bf2f1c17&amp;t=m&amp;source=embed&amp;ll=-27.371767,-62.402344&amp;spn=73.731918,79.101563&amp;z=3\" style=\"color:#0000FF;text-align:left\">Chile<\/a> na ve\u010djem zemljevidu.<\/small><br \/>\n<center><em>Z busom iz San Pedra v Santiago, potem pa z letalom \u0161us dol v Puerto Natales (na mapi ravna \u010drta)<\/em><\/center><\/p>\n","protected":false},"excerpt":{"rendered":"<p>Preden sva pi\u010dila v Ju\u017eno Ameriko, sva samo pribli\u017eno vedela, kam vse greva oz. \u017eeliva it. Imela sva enosmerni letalski karti Frankfurt \u2013 Salvador de Bahia (Brazilija) ter Buenos Aires (Argentina) \u2013 Auckland (Nova Zelandija). Ju\u017ena Amerika\u2026 in and out. Vmes pa kakor pride. Vedela sva pa tudi, da definitivno ho\u010deva na jug kontinenta, Patagonijo. [&hellip;]<\/p>\n","protected":false},"author":3,"featured_media":1619,"comment_status":"open","ping_status":"open","sticky":false,"template":"","format":"standard","meta":{"footnotes":""},"categories":[47,49],"tags":[4,8],"class_list":["post-1604","post","type-post","status-publish","format-standard","has-post-thumbnail","hentry","category-cile","category-patagonija","tag-migracije","tag-zgodovina"],"_links":{"self":[{"href":"https:\/\/www.svetovno.si\/index.php?rest_route=\/wp\/v2\/posts\/1604","targetHints":{"allow":["GET"]}}],"collection":[{"href":"https:\/\/www.svetovno.si\/index.php?rest_route=\/wp\/v2\/posts"}],"about":[{"href":"https:\/\/www.svetovno.si\/index.php?rest_route=\/wp\/v2\/types\/post"}],"author":[{"embeddable":true,"href":"https:\/\/www.svetovno.si\/index.php?rest_route=\/wp\/v2\/users\/3"}],"replies":[{"embeddable":true,"href":"https:\/\/www.svetovno.si\/index.php?rest_route=%2Fwp%2Fv2%2Fcomments&post=1604"}],"version-history":[{"count":0,"href":"https:\/\/www.svetovno.si\/index.php?rest_route=\/wp\/v2\/posts\/1604\/revisions"}],"wp:featuredmedia":[{"embeddable":true,"href":"https:\/\/www.svetovno.si\/index.php?rest_route=\/"}],"wp:attachment":[{"href":"https:\/\/www.svetovno.si\/index.php?rest_route=%2Fwp%2Fv2%2Fmedia&parent=1604"}],"wp:term":[{"taxonomy":"category","embeddable":true,"href":"https:\/\/www.svetovno.si\/index.php?rest_route=%2Fwp%2Fv2%2Fcategories&post=1604"},{"taxonomy":"post_tag","embeddable":true,"href":"https:\/\/www.svetovno.si\/index.php?rest_route=%2Fwp%2Fv2%2Ftags&post=1604"}],"curies":[{"name":"wp","href":"https:\/\/api.w.org\/{rel}","templated":true}]}}