{"id":4845,"date":"2012-10-27T10:35:54","date_gmt":"2012-10-27T10:35:54","guid":{"rendered":"http:\/\/arhiv.svetovno.si\/?p=4845"},"modified":"2012-10-27T10:35:54","modified_gmt":"2012-10-27T10:35:54","slug":"ognjeni-obroc","status":"publish","type":"post","link":"https:\/\/www.svetovno.si\/?p=4845","title":{"rendered":"Ognjeni obro\u010d"},"content":{"rendered":"<p>V sedemdesetih letih prej\u0161njega stoletja sta se brata Lawrence in Lorne Blair podala na deset let dolgo odisejado po otokih Indonezije in rezultat te avanturisti\u010dne ekskurzije je bila ena najbolj kultnih naravoslovno-etnolo\u0161kih dokumentarnih filmskih serij, imenovanih Ring Of Fire: An Indonesian Odyssey. V njej avtorja prika\u017eeta nekatere zelo nenavadne in redko dokumentirane prizore, ujete na filmski trak, z razli\u010dnih koncev te de\u017eele. Naslov dokumentarne serije se navezuje na tako imenovani Pacifi\u0161ki ognjeni obro\u010d, seizmolo\u0161ko najbolj aktivno in obse\u017eno obmo\u010dje na svetu, ki se v velikem loku razprostira prek zahodnih obal Ju\u017ene in Severne Amerike vse do oto\u010dij zahodnega Pacifi\u0161kega Oceana. Indonezija ga \u0161e posebej najebe, saj se nahaja na sti\u010di\u0161\u010du treh tektonskih plo\u0161\u010d in tako premore najve\u010djo koncentracijo aktivnih vulkanov na na\u0161i ljubi Zemljici. Nekaj zgodovinsko najbolj kataklizmi\u010dnih izbruhov se je zgodilo prav tu.<\/p>\n<p><center><iframe loading=\"lazy\" src=\"http:\/\/player.vimeo.com\/video\/34603308\" width=\"480\" height=\"360\" frameborder=\"0\" webkitAllowFullScreen mozallowfullscreen allowFullScreen><\/iframe><em>Tretja epizoda serije Ring Of Fire se pri\u010dne z zgodbo o ognjeniku Krakatoa,<br \/>\nki je leta 1883 povzro\u010dil enega najve\u010djih dokumentiranih izbruhov<\/em><\/center><\/p>\n<p>Mene so med romanjem po Indoneziji prakti\u010dno vseskozi spremljali pogledi na razli\u010dne ognjenike in ostale vulkanske tvorbe \u2013 Flores in sever Sulawesija sta posejana z vulkani. Najbolj mi bosta v spominu ostala predvsem dva. Prvi je <strong>Kelimutu<\/strong>, na vzhodnem delu Floresa, ki ga sestavljajo tri kraterska jezera razli\u010dnih barv. Barve jezer naj bi se zaradi nepojasnjenih kemi\u010dnih procesov v vodi povrh skozi leta stalno spreminjala. Ko sem se navsezgodaj zjutraj z motorjem odpravil proti vulkanu, so me ob son\u010dnem vzhodu na vrhu pri\u010dakale turkizno modre barve dveh jezer, medtem ko je bilo tretje jezero totalno \u010drno.<\/p>\n<p><figure id=\"attachment_4853\" aria-describedby=\"caption-attachment-4853\" style=\"width: 450px\" class=\"wp-caption aligncenter\"><a href=\"http:\/\/arhiv.svetovno.si\/media\/website\/ognjeni-obroc\/turkizno-modre-barve-kraterskega-jezera-Tiwu-Nuwa-Muri-Koo-Fai-kamor-se-po-legendi-odpravijo-du\u0161e-mladih-umrlih_.jpg\"><img loading=\"lazy\" decoding=\"async\" src=\"http:\/\/arhiv.svetovno.si\/media\/website\/ognjeni-obroc\/turkizno-modre-barve-kraterskega-jezera-Tiwu-Nuwa-Muri-Koo-Fai-kamor-se-po-legendi-odpravijo-du\u0161e-mladih-umrlih_-450x300.jpg\" alt=\"\" title=\"_turkizno modre barve kraterskega jezera Tiwu Nuwa Muri Koo Fai (Kelimutu), kamor se po legendi odpravijo du\u0161e mladih umrlih_\" width=\"450\" height=\"300\" class=\"size-large wp-image-4853\" \/><\/a><figcaption id=\"caption-attachment-4853\" class=\"wp-caption-text\">turkizno modre barve kraterskega jezera Tiwu Nuwa Muri Koo Fai (Kelimutu), kamor se po legendi odpravijo du\u0161e mladih umrlih<\/figcaption><\/figure><center><a href=\"http:\/\/arhiv.svetovno.si\/media\/website\/ognjeni-obroc\/vzhajajo\u010de-sonce-nad-ognjenikom-Kelimutu-Flores_.jpg\"><img loading=\"lazy\" decoding=\"async\" src=\"http:\/\/arhiv.svetovno.si\/media\/website\/ognjeni-obroc\/vzhajajo\u010de-sonce-nad-ognjenikom-Kelimutu-Flores_-140x140.jpg\" alt=\"\" title=\"_vzhajajo\u010de sonce nad ognjenikom Kelimutu (Flores)_\" width=\"140\" height=\"140\" class=\"alignnone size-thumbnail wp-image-4851\" \/><\/a><a href=\"http:\/\/arhiv.svetovno.si\/media\/website\/ognjeni-obroc\/jezero-Tiwu-Ata-Polo-kako-leto-ali-dve-nazaj-je-bilo-to-jezero-rjavo-rde\u010de-barve_.jpg\"><img loading=\"lazy\" decoding=\"async\" src=\"http:\/\/arhiv.svetovno.si\/media\/website\/ognjeni-obroc\/jezero-Tiwu-Ata-Polo-kako-leto-ali-dve-nazaj-je-bilo-to-jezero-rjavo-rde\u010de-barve_-140x140.jpg\" alt=\"\" title=\"_jezero Tiwu Ata Polo (kako leto ali dve nazaj je bilo to jezero rjavo-rde\u010de barve)_\" width=\"140\" height=\"140\" class=\"alignnone size-thumbnail wp-image-4854\" \/><\/a><a href=\"http:\/\/arhiv.svetovno.si\/media\/website\/ognjeni-obroc\/po\u010drnelo-jezero-Tiwi-Ata-Mbupu_.jpg\"><img loading=\"lazy\" decoding=\"async\" src=\"http:\/\/arhiv.svetovno.si\/media\/website\/ognjeni-obroc\/po\u010drnelo-jezero-Tiwi-Ata-Mbupu_-140x140.jpg\" alt=\"\" title=\"_po\u010drnelo jezero Tiwi Ata Mbupu_\" width=\"140\" height=\"140\" class=\"alignnone size-thumbnail wp-image-4858\" \/><\/a><a href=\"http:\/\/arhiv.svetovno.si\/media\/website\/ognjeni-obroc\/Gunung-Inerie-2245-metrov-v-pokrajini-Bajawa-na-Floresu_.jpg\"><img loading=\"lazy\" decoding=\"async\" src=\"http:\/\/arhiv.svetovno.si\/media\/website\/ognjeni-obroc\/Gunung-Inerie-2245-metrov-v-pokrajini-Bajawa-na-Floresu_-140x140.jpg\" alt=\"\" title=\"_Gunung Inerie (2245 metrov) v pokrajini Bajawa na Floresu_\" width=\"140\" height=\"140\" class=\"alignnone size-thumbnail wp-image-4856\" \/><\/a><a href=\"http:\/\/arhiv.svetovno.si\/media\/website\/ognjeni-obroc\/mestece-Ende-in-pogled-na-ognjenika-Gunung-Meja-in-Gunung-Iya-Flores_.jpg\"><img loading=\"lazy\" decoding=\"async\" src=\"http:\/\/arhiv.svetovno.si\/media\/website\/ognjeni-obroc\/mestece-Ende-in-pogled-na-ognjenika-Gunung-Meja-in-Gunung-Iya-Flores_-140x140.jpg\" alt=\"\" title=\"_mestece Ende in pogled na ognjenika Gunung Meja in Gunung Iya (Flores)_\" width=\"140\" height=\"140\" class=\"alignnone size-thumbnail wp-image-4855\" \/><\/a><a href=\"http:\/\/arhiv.svetovno.si\/media\/website\/ognjeni-obroc\/aktivni-vulkan-Gunung-Api-1950-metrov-ob-Sumbawi_.jpg\"><img loading=\"lazy\" decoding=\"async\" src=\"http:\/\/arhiv.svetovno.si\/media\/website\/ognjeni-obroc\/aktivni-vulkan-Gunung-Api-1950-metrov-ob-Sumbawi_-140x140.jpg\" alt=\"\" title=\"_aktivni vulkan Gunung Api (1950 metrov) ob Sumbawi_\" width=\"140\" height=\"140\" class=\"alignnone size-thumbnail wp-image-4857\" \/><\/a><\/center><\/p>\n<p>Drugi epski prizor je bil pogled v brezno <strong>Rinjani<\/strong>-ja, drugega najvi\u0161jega ognjenika v Indoneziji (3700 metrov), z velikanskim \u0161est kilometrov \u0161irokim jezerom na sredi kraterja iz katerega ven \u0161trli \u0161e en manj\u0161i ognjenik Gunung Baru. Ta naj bi nastal \u0161ele pred nekaj sto leti in nazadnje bruhnil leta 2004 (z roba glavnega kraterja so lepo vidna nova mesta izbruhov in novo nastala obre\u017eja, kot posledica razlite lave). Potrebnega je bilo tri dni \u017ee\u0161\u010dega hajkanja v dru\u017ebi treh Francozov, vodi\u010da in dveh nosa\u010dev, da smo se prvi dan priplazili do roba kraterja iz smeri Sembaluna (in pri tem premagali 1500 metrov vi\u0161inske), drugi dan spustili vse dol do jezera (600 metrov vi\u0161inske) in potem spet gor do roba kraterja na drugi strani, tretji dan pa spustili do na\u0161e zaklju\u010dne to\u010dke v vasi Senaru.<\/p>\n<p>Drugi dan je bil \u0161e posebej zajeban, ker smo okoli poltretje ure pono\u010di \u0161tartali z namenom vzpona do najvi\u0161je to\u010dke kraterja na 3726 metrih (cca. 1000 metrov vi\u0161je od na\u0161ega kampa). Tistega jutra nam vreme totalno ni bilo naklonjeno, saj je bilo vse v oblakih, veter je bil \u010disto ubijalski, pa \u0161e grozno mrzlo je bilo. Kaki dve uri smo rabili, da smo se po razrahljanemu meli\u0161\u010du, zna\u010dilnemu za ognjenike, v popolni temi prebili do cca. 200-300 metrov pod vrh, medtem ko nam je brutalen veter suval direktno v ksiht. Na tej to\u010dki smo obstali, stisnjeni pod veliko skalo skupaj z ostalimi pohodniki in \u010dakali na izbolj\u0161anje vremena, kar pa se ni zgodilo. Jebi ga. Pod odejo oblakov, ki so se valili \u010dez vrh, se nam je \u0161e vedno odpiral veli\u010dasten razgled \u010dez krater, pa tudi sicer so nam ti trije dnevi <em>all-in-all<\/em> ponudili obilo dramati\u010dnih vist.<\/p>\n<p><center><a href=\"http:\/\/arhiv.svetovno.si\/media\/website\/ognjeni-obroc\/za\u010detek-hajka-na-Rinjani_.jpg\"><img loading=\"lazy\" decoding=\"async\" src=\"http:\/\/arhiv.svetovno.si\/media\/website\/ognjeni-obroc\/za\u010detek-hajka-na-Rinjani_-140x140.jpg\" alt=\"\" title=\"_za\u010detek hajka na Rinjani_\" width=\"140\" height=\"140\" class=\"alignnone size-thumbnail wp-image-4874\" \/><\/a><a href=\"http:\/\/arhiv.svetovno.si\/media\/website\/ognjeni-obroc\/na\u0161a-treking-ekipca-spredaj-trije-Francozi-zadaj-na\u0161-vodi\u010d_.jpg\"><img loading=\"lazy\" decoding=\"async\" src=\"http:\/\/arhiv.svetovno.si\/media\/website\/ognjeni-obroc\/na\u0161a-treking-ekipca-spredaj-trije-Francozi-zadaj-na\u0161-vodi\u010d_-140x140.jpg\" alt=\"\" title=\"_na\u0161a treking ekipca (spredaj trije Francozi, zadaj na\u0161 vodi\u010d)_\" width=\"140\" height=\"140\" class=\"alignnone size-thumbnail wp-image-4875\" \/><\/a><a href=\"http:\/\/arhiv.svetovno.si\/media\/website\/ognjeni-obroc\/na\u0161a-vodi\u010da-med-kuhanjem-kosila_.jpg\"><img loading=\"lazy\" decoding=\"async\" src=\"http:\/\/arhiv.svetovno.si\/media\/website\/ognjeni-obroc\/na\u0161a-vodi\u010da-med-kuhanjem-kosila_-140x140.jpg\" alt=\"\" title=\"_nosa\u010da med kuhanjem kosila_\" width=\"140\" height=\"140\" class=\"alignnone size-thumbnail wp-image-4876\" \/><\/a><a href=\"http:\/\/arhiv.svetovno.si\/media\/website\/ognjeni-obroc\/lepo-po\u010dasi-navzgor-prvi-dan-smo-prehodili-1500-metrov-vi\u0161inske-razlike_.jpg\"><img loading=\"lazy\" decoding=\"async\" src=\"http:\/\/arhiv.svetovno.si\/media\/website\/ognjeni-obroc\/lepo-po\u010dasi-navzgor-prvi-dan-smo-prehodili-1500-metrov-vi\u0161inske-razlike_-140x140.jpg\" alt=\"\" title=\"_lepo po\u010dasi navzgor (prvi dan smo prehodili 1500 metrov vi\u0161inske razlike)_\" width=\"140\" height=\"140\" class=\"alignnone size-thumbnail wp-image-4877\" \/><\/a><a href=\"http:\/\/arhiv.svetovno.si\/media\/website\/ognjeni-obroc\/pogled-nazaj-v-dolino_.jpg\"><img loading=\"lazy\" decoding=\"async\" src=\"http:\/\/arhiv.svetovno.si\/media\/website\/ognjeni-obroc\/pogled-nazaj-v-dolino_-140x140.jpg\" alt=\"\" title=\"_pogled nazaj v dolino_\" width=\"140\" height=\"140\" class=\"alignnone size-thumbnail wp-image-4878\" \/><\/a><a href=\"http:\/\/arhiv.svetovno.si\/media\/website\/ognjeni-obroc\/vzhodno-pobo\u010dje-kraterja_.jpg\"><img loading=\"lazy\" decoding=\"async\" src=\"http:\/\/arhiv.svetovno.si\/media\/website\/ognjeni-obroc\/vzhodno-pobo\u010dje-kraterja_-140x140.jpg\" alt=\"\" title=\"_vzhodno pobo\u010dje kraterja_\" width=\"140\" height=\"140\" class=\"alignnone size-thumbnail wp-image-4879\" \/><\/a><a href=\"http:\/\/arhiv.svetovno.si\/media\/website\/ognjeni-obroc\/ko-smo-prilezli-do-roba-kraterja-je-bilo-\u0161e-vse-zavito-v-meglo-in-oblake_.jpg\"><img loading=\"lazy\" decoding=\"async\" src=\"http:\/\/arhiv.svetovno.si\/media\/website\/ognjeni-obroc\/ko-smo-prilezli-do-roba-kraterja-je-bilo-\u0161e-vse-zavito-v-meglo-in-oblake_-140x140.jpg\" alt=\"\" title=\"_ko smo prilezli do roba kraterja, je bilo \u0161e vse zavito v meglo in oblake_\" width=\"140\" height=\"140\" class=\"alignnone size-thumbnail wp-image-4880\" \/><\/a><a href=\"http:\/\/arhiv.svetovno.si\/media\/website\/ognjeni-obroc\/prvi-kolikor-toliko-jasen-pogled-na-kratersko-jezero-Rinjanija_.jpg\"><img loading=\"lazy\" decoding=\"async\" src=\"http:\/\/arhiv.svetovno.si\/media\/website\/ognjeni-obroc\/prvi-kolikor-toliko-jasen-pogled-na-kratersko-jezero-Rinjanija_-140x140.jpg\" alt=\"\" title=\"_prvi kolikor toliko jasen pogled na kratersko jezero Rinjanija_\" width=\"140\" height=\"140\" class=\"alignnone size-thumbnail wp-image-4881\" \/><\/a><a href=\"http:\/\/arhiv.svetovno.si\/media\/website\/ognjeni-obroc\/kampiranje-prvo-no\u010d-na-vrhu-strmega-pobo\u010dja-ki-se-spusti-dol-v-krater_.jpg\"><img loading=\"lazy\" decoding=\"async\" src=\"http:\/\/arhiv.svetovno.si\/media\/website\/ognjeni-obroc\/kampiranje-prvo-no\u010d-na-vrhu-strmega-pobo\u010dja-ki-se-spusti-dol-v-krater_-140x140.jpg\" alt=\"\" title=\"_kampiranje prvo no\u010d na vrhu strmega pobo\u010dja, ki se spusti dol v krater_\" width=\"140\" height=\"140\" class=\"alignnone size-thumbnail wp-image-4882\" \/><\/a><a href=\"http:\/\/arhiv.svetovno.si\/media\/website\/ognjeni-obroc\/ve\u010derni-pogled-na-jezero_.jpg\"><img loading=\"lazy\" decoding=\"async\" src=\"http:\/\/arhiv.svetovno.si\/media\/website\/ognjeni-obroc\/ve\u010derni-pogled-na-jezero_-140x140.jpg\" alt=\"\" title=\"_ve\u010derni pogled na jezero_\" width=\"140\" height=\"140\" class=\"alignnone size-thumbnail wp-image-4883\" \/><\/a><a href=\"http:\/\/arhiv.svetovno.si\/media\/website\/ognjeni-obroc\/okoli-petih-zjutraj-nekje-pod-vrhom-najvi\u0161je-to\u010dke-Rinjanija...-veter-mraz-oblaki_.jpg\"><img loading=\"lazy\" decoding=\"async\" src=\"http:\/\/arhiv.svetovno.si\/media\/website\/ognjeni-obroc\/okoli-petih-zjutraj-nekje-pod-vrhom-najvi\u0161je-to\u010dke-Rinjanija...-veter-mraz-oblaki_-140x140.jpg\" alt=\"\" title=\"_okoli petih zjutraj nekje pod vrhom najvi\u0161je to\u010dke Rinjanija... veter, mraz, oblaki_\" width=\"140\" height=\"140\" class=\"alignnone size-thumbnail wp-image-4884\" \/><\/a><a href=\"http:\/\/arhiv.svetovno.si\/media\/website\/ognjeni-obroc\/premra\u017eeni-utrujeni-in-neprespani-pozerji_.jpg\"><img loading=\"lazy\" decoding=\"async\" src=\"http:\/\/arhiv.svetovno.si\/media\/website\/ognjeni-obroc\/premra\u017eeni-utrujeni-in-neprespani-pozerji_-140x140.jpg\" alt=\"\" title=\"_premra\u017eeni, utrujeni in neprespani pozerji_\" width=\"140\" height=\"140\" class=\"alignnone size-thumbnail wp-image-4885\" \/><\/a><a href=\"http:\/\/arhiv.svetovno.si\/media\/website\/ognjeni-obroc\/ni\u017eje-dol-pod-odejo-oblakov-se-nam-je-vseeno-ponudil-veli\u010dasten-pogled-na-celotni-krater-jezero-in-manj\u0161i-ognjenik-Gunung-Baru_.jpg\"><img loading=\"lazy\" decoding=\"async\" src=\"http:\/\/arhiv.svetovno.si\/media\/website\/ognjeni-obroc\/ni\u017eje-dol-pod-odejo-oblakov-se-nam-je-vseeno-ponudil-veli\u010dasten-pogled-na-celotni-krater-jezero-in-manj\u0161i-ognjenik-Gunung-Baru_-140x140.jpg\" alt=\"\" title=\"_ni\u017eje dol pod odejo oblakov se nam je vseeno ponudil veli\u010dasten pogled na celotni krater, jezero in manj\u0161i ognjenik Gunung Baru_\" width=\"140\" height=\"140\" class=\"alignnone size-thumbnail wp-image-4886\" \/><\/a><a href=\"http:\/\/arhiv.svetovno.si\/media\/website\/ognjeni-obroc\/evo-mene-spet_.jpg\"><img loading=\"lazy\" decoding=\"async\" src=\"http:\/\/arhiv.svetovno.si\/media\/website\/ognjeni-obroc\/evo-mene-spet_-140x140.jpg\" alt=\"\" title=\"_evo mene spet_\" width=\"140\" height=\"140\" class=\"alignnone size-thumbnail wp-image-4887\" \/><\/a><a href=\"http:\/\/arhiv.svetovno.si\/media\/website\/ognjeni-obroc\/drugi-dan-je-po-neuspelem-vzponu-na-vrh-sledil-spust-do-jezera_.jpg\"><img loading=\"lazy\" decoding=\"async\" src=\"http:\/\/arhiv.svetovno.si\/media\/website\/ognjeni-obroc\/drugi-dan-je-po-neuspelem-vzponu-na-vrh-sledil-spust-do-jezera_-140x140.jpg\" alt=\"\" title=\"_drugi dan je po neuspelem vzponu na vrh sledil spust do jezera_\" width=\"140\" height=\"140\" class=\"alignnone size-thumbnail wp-image-4888\" \/><\/a><a href=\"http:\/\/arhiv.svetovno.si\/media\/website\/ognjeni-obroc\/na\u0161a-nosa\u010da-pi\u010dita-naprej...-vsi-nosa\u010di-so-za-obutev-obi\u010dajno-uporabljali-\u0161lape-nekateri-so-bili-celo-bosi_.jpg\"><img loading=\"lazy\" decoding=\"async\" src=\"http:\/\/arhiv.svetovno.si\/media\/website\/ognjeni-obroc\/na\u0161a-nosa\u010da-pi\u010dita-naprej...-vsi-nosa\u010di-so-za-obutev-obi\u010dajno-uporabljali-\u0161lape-nekateri-so-bili-celo-bosi_-140x140.jpg\" alt=\"\" title=\"_na\u0161a nosa\u010da pi\u010dita naprej... vsi nosa\u010di so za obutev obi\u010dajno uporabljali \u0161lape, nekateri so bili celo bosi_\" width=\"140\" height=\"140\" class=\"alignnone size-thumbnail wp-image-4889\" \/><\/a><a href=\"http:\/\/arhiv.svetovno.si\/media\/website\/ognjeni-obroc\/Gunung-Baru-dim-v-ozadju-je-posledica-po\u017eara_.jpg\"><img loading=\"lazy\" decoding=\"async\" src=\"http:\/\/arhiv.svetovno.si\/media\/website\/ognjeni-obroc\/Gunung-Baru-dim-v-ozadju-je-posledica-po\u017eara_-140x140.jpg\" alt=\"\" title=\"_Gunung Baru, dim v ozadju je posledica po\u017eara_\" width=\"140\" height=\"140\" class=\"alignnone size-thumbnail wp-image-4898\" \/><\/a><a href=\"http:\/\/arhiv.svetovno.si\/media\/website\/ognjeni-obroc\/lokalni-ribi\u010di-na-jezeru-v-ozadju-Gunung-Baru_.jpg\"><img loading=\"lazy\" decoding=\"async\" src=\"http:\/\/arhiv.svetovno.si\/media\/website\/ognjeni-obroc\/lokalni-ribi\u010di-na-jezeru-v-ozadju-Gunung-Baru_-140x140.jpg\" alt=\"\" title=\"_lokalni ribi\u010di na jezeru (v ozadju Gunung Baru)_\" width=\"140\" height=\"140\" class=\"alignnone size-thumbnail wp-image-4890\" \/><\/a><a href=\"http:\/\/arhiv.svetovno.si\/media\/website\/ognjeni-obroc\/v-bli\u017eini-jezera-so-se-nahajali-\u0161tevilni-termalni-vrelci-v-tem-cca.-38-stopinj-vro\u010dem-bazen\u010dku-smo-se-tudi-mi-namo\u010dili_.jpg\"><img loading=\"lazy\" decoding=\"async\" src=\"http:\/\/arhiv.svetovno.si\/media\/website\/ognjeni-obroc\/v-bli\u017eini-jezera-so-se-nahajali-\u0161tevilni-termalni-vrelci-v-tem-cca.-38-stopinj-vro\u010dem-bazen\u010dku-smo-se-tudi-mi-namo\u010dili_-140x140.jpg\" alt=\"\" title=\"_v bli\u017eini jezera so se nahajali \u0161tevilni termalni vrelci (v tem cca. 38 stopinj vro\u010dem bazen\u010dku smo se tudi mi namo\u010dili)_\" width=\"140\" height=\"140\" class=\"alignnone size-thumbnail wp-image-4891\" \/><\/a><a href=\"http:\/\/arhiv.svetovno.si\/media\/website\/ognjeni-obroc\/vzpon-na-drugo-stran-kraterja_.jpg\"><img loading=\"lazy\" decoding=\"async\" src=\"http:\/\/arhiv.svetovno.si\/media\/website\/ognjeni-obroc\/vzpon-na-drugo-stran-kraterja_-140x140.jpg\" alt=\"\" title=\"_vzpon na drugo stran kraterja_\" width=\"140\" height=\"140\" class=\"alignnone size-thumbnail wp-image-4892\" \/><\/a><a href=\"http:\/\/arhiv.svetovno.si\/media\/website\/ognjeni-obroc\/verjetno-najbolj-veli\u010dasten-pogled-na-celotnem-treku_.jpg\"><img loading=\"lazy\" decoding=\"async\" src=\"http:\/\/arhiv.svetovno.si\/media\/website\/ognjeni-obroc\/verjetno-najbolj-veli\u010dasten-pogled-na-celotnem-treku_-140x140.jpg\" alt=\"\" title=\"_verjetno najbolj veli\u010dasten pogled na celotnem treku_\" width=\"140\" height=\"140\" class=\"alignnone size-thumbnail wp-image-4893\" \/><\/a><\/center><\/p>\n<p>Tako sem tudi zaklju\u010dil svojo zgodbo o Indoneziji, kjer sem prvi\u010d v \u017eivljenju potoval \u010disto sam. Trije intenzivni in naporni dnevi Rinjani-ja ter dva dneva pole\u017eavanja v Kuti Lombok, majhnem obmorskem mestecu na jugu otoka, so bili enkraten epilog mojega dvomese\u010dnega vandranja po tej \u010dudoviti de\u017eeli. \u00a0<em>Terima kasih banyak dan sampai jumpa lagi Indonesia<\/em>.<\/p>\n","protected":false},"excerpt":{"rendered":"<p>V sedemdesetih letih prej\u0161njega stoletja sta se brata Lawrence in Lorne Blair podala na deset let dolgo odisejado po otokih Indonezije in rezultat te avanturisti\u010dne ekskurzije je bila ena najbolj kultnih naravoslovno-etnolo\u0161kih dokumentarnih filmskih serij, imenovanih Ring Of Fire: An Indonesian Odyssey. V njej avtorja prika\u017eeta nekatere zelo nenavadne in redko dokumentirane prizore, ujete na [&hellip;]<\/p>\n","protected":false},"author":3,"featured_media":4854,"comment_status":"open","ping_status":"open","sticky":false,"template":"","format":"standard","meta":{"footnotes":""},"categories":[24,61],"tags":[30,31,26],"class_list":["post-4845","post","type-post","status-publish","format-standard","has-post-thumbnail","hentry","category-aktivni-dopust","category-indonezija","tag-atrakcije","tag-film","tag-treking"],"_links":{"self":[{"href":"https:\/\/www.svetovno.si\/index.php?rest_route=\/wp\/v2\/posts\/4845","targetHints":{"allow":["GET"]}}],"collection":[{"href":"https:\/\/www.svetovno.si\/index.php?rest_route=\/wp\/v2\/posts"}],"about":[{"href":"https:\/\/www.svetovno.si\/index.php?rest_route=\/wp\/v2\/types\/post"}],"author":[{"embeddable":true,"href":"https:\/\/www.svetovno.si\/index.php?rest_route=\/wp\/v2\/users\/3"}],"replies":[{"embeddable":true,"href":"https:\/\/www.svetovno.si\/index.php?rest_route=%2Fwp%2Fv2%2Fcomments&post=4845"}],"version-history":[{"count":0,"href":"https:\/\/www.svetovno.si\/index.php?rest_route=\/wp\/v2\/posts\/4845\/revisions"}],"wp:featuredmedia":[{"embeddable":true,"href":"https:\/\/www.svetovno.si\/index.php?rest_route=\/"}],"wp:attachment":[{"href":"https:\/\/www.svetovno.si\/index.php?rest_route=%2Fwp%2Fv2%2Fmedia&parent=4845"}],"wp:term":[{"taxonomy":"category","embeddable":true,"href":"https:\/\/www.svetovno.si\/index.php?rest_route=%2Fwp%2Fv2%2Fcategories&post=4845"},{"taxonomy":"post_tag","embeddable":true,"href":"https:\/\/www.svetovno.si\/index.php?rest_route=%2Fwp%2Fv2%2Ftags&post=4845"}],"curies":[{"name":"wp","href":"https:\/\/api.w.org\/{rel}","templated":true}]}}